{"id":597,"date":"2025-06-04T12:21:39","date_gmt":"2025-06-04T10:21:39","guid":{"rendered":"https:\/\/www.amvmeca.com\/fr\/?p=597"},"modified":"2025-06-04T12:29:45","modified_gmt":"2025-06-04T10:29:45","slug":"affutage-reparation-de-lames","status":"publish","type":"post","link":"https:\/\/www.amvmeca.com\/fr\/actus\/affutage-reparation-de-lames","title":{"rendered":"Affutage et r\u00e9parations de lames : une solution alternative"},"content":{"rendered":"<div  class='flex_column av-fkk8b-9613a49de3dc66adc2a910480abd9cc6 av_one_full  avia-builder-el-0  el_before_av_one_full  avia-builder-el-first  first flex_column_div  '     ><style type=\"text\/css\" data-created_by=\"avia_inline_auto\" id=\"style-css-av-mbg8737z-ae0e6c929f105efae00ba93c54d98d37\">\n#top .av-special-heading.av-mbg8737z-ae0e6c929f105efae00ba93c54d98d37{\npadding-bottom:10px;\n}\nbody .av-special-heading.av-mbg8737z-ae0e6c929f105efae00ba93c54d98d37 .av-special-heading-tag .heading-char{\nfont-size:25px;\n}\n.av-special-heading.av-mbg8737z-ae0e6c929f105efae00ba93c54d98d37 .av-subheading{\nfont-size:15px;\n}\n<\/style>\n<div  class='av-special-heading av-mbg8737z-ae0e6c929f105efae00ba93c54d98d37 av-special-heading-h1 blockquote modern-quote  avia-builder-el-1  avia-builder-el-no-sibling '><h1 class='av-special-heading-tag '  itemprop=\"headline\"  >Affutage et r\u00e9paration de lames par AMV MECA : c\u2019est souvent possible !<\/h1><div class=\"special-heading-border\"><div class=\"special-heading-inner-border\"><\/div><\/div><\/div><\/div>\n<div  class='flex_column av-bqg0b-94d6e1f94b0c8980e7784a4b1c99f0c1 av_one_full  avia-builder-el-2  el_after_av_one_full  avia-builder-el-last  first flex_column_div  column-top-margin'     ><p><section  class='av_textblock_section av-mbg84usg-b9e7da5d97c06ff15c7937dffb4bb831 '   itemscope=\"itemscope\" itemtype=\"https:\/\/schema.org\/BlogPosting\" itemprop=\"blogPost\" ><div class='avia_textblock'  itemprop=\"text\" ><p>Vous poss\u00e9dez des lames ab\u00eem\u00e9es, qui ne coupent plus, coupent mal, ou vous font perdre en productivit\u00e9 et en qualit\u00e9 de coupe ?<\/p>\n<p style=\"text-align: left;\">Savez-vous qu&rsquo;AMV MECA, apr\u00e8s \u00e9tude, peut souvent les remettre en \u00e9tat ?<\/p>\n<p style=\"text-align: left;\">A l&rsquo;occasion de la Journ\u00e9e Mondiale de l&rsquo;Environnement, nous vous proposons un petit jeu :<\/p>\n<p style=\"text-align: left;\">Parmi toutes les lames que vous apercevez ci-dessous, une seule ne pouvait pas \u00eatre remise en \u00e9tat.<\/p>\n<p style=\"text-align: left;\">Saurez-vous d\u00e9terminer laquelle ?<\/p>\n<p><img loading=\"lazy\" decoding=\"async\" class=\"wp-image-598 size-large alignleft\" src=\"https:\/\/www.amvmeca.com\/wp-content\/uploads\/2025\/06\/5-juin-journee-mondiale-environnement-AMV-1030x728.jpg\" alt=\"\" width=\"1030\" height=\"728\" srcset=\"https:\/\/www.amvmeca.com\/wp-content\/uploads\/2025\/06\/5-juin-journee-mondiale-environnement-AMV-1030x728.jpg 1030w, https:\/\/www.amvmeca.com\/wp-content\/uploads\/2025\/06\/5-juin-journee-mondiale-environnement-AMV-300x212.jpg 300w, https:\/\/www.amvmeca.com\/wp-content\/uploads\/2025\/06\/5-juin-journee-mondiale-environnement-AMV-768x543.jpg 768w, https:\/\/www.amvmeca.com\/wp-content\/uploads\/2025\/06\/5-juin-journee-mondiale-environnement-AMV-1536x1086.jpg 1536w, https:\/\/www.amvmeca.com\/wp-content\/uploads\/2025\/06\/5-juin-journee-mondiale-environnement-AMV-1500x1061.jpg 1500w, https:\/\/www.amvmeca.com\/wp-content\/uploads\/2025\/06\/5-juin-journee-mondiale-environnement-AMV-260x185.jpg 260w, https:\/\/www.amvmeca.com\/wp-content\/uploads\/2025\/06\/5-juin-journee-mondiale-environnement-AMV-705x498.jpg 705w, https:\/\/www.amvmeca.com\/wp-content\/uploads\/2025\/06\/5-juin-journee-mondiale-environnement-AMV.jpg 2000w\" sizes=\"auto, (max-width: 1030px) 100vw, 1030px\" \/><\/p>\n<\/div><\/section><br \/>\n<section  class='av_textblock_section av-mbg8514a-b4bcd4ebca52369fc267ce72a2839d49 '   itemscope=\"itemscope\" itemtype=\"https:\/\/schema.org\/BlogPosting\" itemprop=\"blogPost\" ><div class='avia_textblock'  itemprop=\"text\" ><p><a href=\"https:\/\/www.amvmeca.com\/fr\/contact\"><em>Une r\u00e9ponse ? Ou un besoin d&rsquo;affutage et r\u00e9paration de lames et couteaux industriels ? <\/em><\/a><em><a href=\"https:\/\/www.amvmeca.com\/fr\/contact\">Contactez-nous !<\/a><\/em><\/p>\n<h2>Avantages de l\u2019aff\u00fbtage et de la r\u00e9paration des lames de d\u00e9coupe industrielle<\/h2>\n<p>1. Prolongation de la dur\u00e9e de vie des lames<br \/>\n\u2022 L\u2019aff\u00fbtage permet de redonner aux lames leur tranchant optimal, prolongeant ainsi significativement leur dur\u00e9e de vie et retardant le besoin d\u2019investir dans de nouvelles lames.<br \/>\n\u2022 Une maintenance et un entretien r\u00e9guliers peuvent augmenter la dur\u00e9e de vie d\u2019une lame de cisaille jusqu\u2019\u00e0 50 %.<\/p>\n<p>2. R\u00e9duction des co\u00fbts<br \/>\n\u2022 L\u2019aff\u00fbtage et la r\u00e9paration co\u00fbtent g\u00e9n\u00e9ralement bien moins cher que la fabrication ou l\u2019achat de lames neuves, permettant ainsi des \u00e9conomies substantielles sur le long terme.<br \/>\n\u2022 Moins de remplacements signifie \u00e9galement une diminution des co\u00fbts li\u00e9s aux arr\u00eats de production et \u00e0 la gestion des stocks de pi\u00e8ces de rechange.<\/p>\n<p>3. Maintien de la qualit\u00e9 de coupe<br \/>\n\u2022 Un aff\u00fbtage professionnel assure une coupe nette et uniforme, ce qui am\u00e9liore la qualit\u00e9 des produits finis et r\u00e9duit les pertes de mati\u00e8re24.<br \/>\n\u2022 La rectification permet de restaurer la g\u00e9om\u00e9trie d\u2019origine de la lame, garantissant le respect des tol\u00e9rances dimensionnelles et la pr\u00e9cision des d\u00e9coupes.<\/p>\n<p>4. R\u00e9duction des temps d\u2019arr\u00eat<br \/>\n\u2022 En prolongeant la dur\u00e9e de vie des lames et en maintenant leur performance, l\u2019aff\u00fbtage limite les arr\u00eats de production impr\u00e9vus dus \u00e0 l\u2019usure ou \u00e0 la casse des outils.<\/p>\n<p>5. Impact environnemental r\u00e9duit<br \/>\n\u2022 R\u00e9utiliser et entretenir les lames existantes diminue la quantit\u00e9 de d\u00e9chets m\u00e9talliques et la consommation de ressources n\u00e9cessaires \u00e0 la fabrication de lames neuves.<\/p>\n<p>6. Optimisation de la productivit\u00e9<br \/>\n\u2022 Des lames bien aff\u00fbt\u00e9es r\u00e9duisent l\u2019effort m\u00e9canique sur les machines, limitant ainsi l\u2019usure des \u00e9quipements et les besoins de maintenance lourde<\/p>\n<p>L\u2019aff\u00fbtage et la r\u00e9paration des lames de d\u00e9coupe industrielle offrent ainsi des avantages <strong>\u00e9conomiques, techniques et environnementaux<\/strong> majeurs par rapport \u00e0 la fabrication de lames neuves : prolongation de la dur\u00e9e de vie, r\u00e9duction des co\u00fbts et des temps d\u2019arr\u00eat, maintien de la qualit\u00e9 de coupe, et optimisation de la productivit\u00e9.<\/p>\n<p>Si nous pouvons les remettre en \u00e9tat, nous le ferons ! Contactez-nous pour une \u00e9tude !<\/p>\n<\/div><\/section><\/p><\/div>\n","protected":false},"excerpt":{"rendered":"<p>A l&rsquo;occasion de la journ\u00e9e mondiale de l&rsquo;environnement, focus sur l&rsquo;affutage et r\u00e9paration de lames.<\/p>\n","protected":false},"author":2,"featured_media":598,"comment_status":"closed","ping_status":"closed","sticky":false,"template":"","format":"standard","meta":{"footnotes":""},"categories":[2],"tags":[],"class_list":["post-597","post","type-post","status-publish","format-standard","has-post-thumbnail","hentry","category-actus"],"_links":{"self":[{"href":"https:\/\/www.amvmeca.com\/fr\/wp-json\/wp\/v2\/posts\/597","targetHints":{"allow":["GET"]}}],"collection":[{"href":"https:\/\/www.amvmeca.com\/fr\/wp-json\/wp\/v2\/posts"}],"about":[{"href":"https:\/\/www.amvmeca.com\/fr\/wp-json\/wp\/v2\/types\/post"}],"author":[{"embeddable":true,"href":"https:\/\/www.amvmeca.com\/fr\/wp-json\/wp\/v2\/users\/2"}],"replies":[{"embeddable":true,"href":"https:\/\/www.amvmeca.com\/fr\/wp-json\/wp\/v2\/comments?post=597"}],"version-history":[{"count":4,"href":"https:\/\/www.amvmeca.com\/fr\/wp-json\/wp\/v2\/posts\/597\/revisions"}],"predecessor-version":[{"id":601,"href":"https:\/\/www.amvmeca.com\/fr\/wp-json\/wp\/v2\/posts\/597\/revisions\/601"}],"wp:featuredmedia":[{"embeddable":true,"href":"https:\/\/www.amvmeca.com\/fr\/wp-json\/wp\/v2\/media\/598"}],"wp:attachment":[{"href":"https:\/\/www.amvmeca.com\/fr\/wp-json\/wp\/v2\/media?parent=597"}],"wp:term":[{"taxonomy":"category","embeddable":true,"href":"https:\/\/www.amvmeca.com\/fr\/wp-json\/wp\/v2\/categories?post=597"},{"taxonomy":"post_tag","embeddable":true,"href":"https:\/\/www.amvmeca.com\/fr\/wp-json\/wp\/v2\/tags?post=597"}],"curies":[{"name":"wp","href":"https:\/\/api.w.org\/{rel}","templated":true}]}}