{"id":579,"date":"2025-06-04T12:08:18","date_gmt":"2025-06-04T10:08:18","guid":{"rendered":"https:\/\/www.amvmeca.com\/fr\/?p=579"},"modified":"2025-06-04T12:08:18","modified_gmt":"2025-06-04T10:08:18","slug":"fabrication-de-lames-pour-la-decoupe-de-sacs","status":"publish","type":"post","link":"https:\/\/www.amvmeca.com\/fr\/actus\/fabrication-de-lames-pour-la-decoupe-de-sacs","title":{"rendered":"Fabrication de lames pour la d\u00e9coupe de sacs"},"content":{"rendered":"<div  class='flex_column av-fkk8b-9613a49de3dc66adc2a910480abd9cc6 av_one_full  avia-builder-el-0  el_before_av_one_full  avia-builder-el-first  first flex_column_div  '     ><style type=\"text\/css\" data-created_by=\"avia_inline_auto\" id=\"style-css-av-mbg8737z-c673deaa90f5e32137cee799f85efd22\">\n#top .av-special-heading.av-mbg8737z-c673deaa90f5e32137cee799f85efd22{\npadding-bottom:10px;\n}\nbody .av-special-heading.av-mbg8737z-c673deaa90f5e32137cee799f85efd22 .av-special-heading-tag .heading-char{\nfont-size:25px;\n}\n.av-special-heading.av-mbg8737z-c673deaa90f5e32137cee799f85efd22 .av-subheading{\nfont-size:15px;\n}\n<\/style>\n<div  class='av-special-heading av-mbg8737z-c673deaa90f5e32137cee799f85efd22 av-special-heading-h1 blockquote modern-quote  avia-builder-el-1  avia-builder-el-no-sibling '><h1 class='av-special-heading-tag '  itemprop=\"headline\"  >Fabrication de lames pour la d\u00e9coupe de sacs<\/h1><div class=\"special-heading-border\"><div class=\"special-heading-inner-border\"><\/div><\/div><\/div><\/div>\n<div  class='flex_column av-bqg0b-94d6e1f94b0c8980e7784a4b1c99f0c1 av_one_full  avia-builder-el-2  el_after_av_one_full  avia-builder-el-last  first flex_column_div  column-top-margin'     ><p><section  class='av_textblock_section av-mbg84usg-b9e7da5d97c06ff15c7937dffb4bb831 '   itemscope=\"itemscope\" itemtype=\"https:\/\/schema.org\/BlogPosting\" itemprop=\"blogPost\" ><div class='avia_textblock'  itemprop=\"text\" ><p><a href=\"https:\/\/youtube.com\/shorts\/2bH-DoANsiM?feature=share\">Vid\u00e9o lames pour la d\u00e9coupe de sacs<\/a> :<\/p>\n<p>Savez-vous qu&rsquo;AMV MECA fabrique diverses lames pour la d\u00e9coupe de sacs ?<\/p>\n<p>Des lames con\u00e7ues et fabriqu\u00e9es dans nos ateliers de St Maurice de Lignon :<\/p>\n<p>Vous verrez dans cette vid\u00e9o &#8230; mais sont-elles dans l&rsquo;ordre ? A vous de v\u00e9rifier !<\/p>\n<\/div><\/section><br \/>\n\n<style type=\"text\/css\" data-created_by=\"avia_inline_auto\" id=\"style-css-av-mbg86j35-78e548b3941c93fd5e7e1b524a706e2f\">\n.avia-video.av-mbg86j35-78e548b3941c93fd5e7e1b524a706e2f{\nbackground-image:url(https:\/\/www.amvmeca.com\/wp-content\/uploads\/2025\/06\/video-decoupe-sacs-180x180.jpg);\n}\n<\/style>\n<div  class='avia-video av-mbg86j35-78e548b3941c93fd5e7e1b524a706e2f avia-video-16-9 av-preview-image avia-video-load-always av-lazyload-immediate av-lazyload-video-embed'  itemprop=\"video\" itemtype=\"https:\/\/schema.org\/VideoObject\"  data-original_url='https:\/\/youtube.com\/shorts\/ED4X4D6c4Ps'><script type='text\/html' class='av-video-tmpl'><div class='avia-iframe-wrap'><iframe loading=\"lazy\" title=\"Lames pour la d\u00e9coupe de sacs\" width=\"1333\" height=\"1000\" src=\"https:\/\/www.youtube.com\/embed\/ED4X4D6c4Ps?feature=oembed&autoplay=0&loop=0&controls=1&mute=0\" frameborder=\"0\" allow=\"accelerometer; autoplay; clipboard-write; encrypted-media; gyroscope; picture-in-picture; web-share\" referrerpolicy=\"strict-origin-when-cross-origin\" allowfullscreen><\/iframe><\/div><\/script><div class='av-click-to-play-overlay'><div class=\"avia_playpause_icon\"><\/div><\/div><\/div><br \/>\n<section  class='av_textblock_section av-mbg8514a-b4bcd4ebca52369fc267ce72a2839d49 '   itemscope=\"itemscope\" itemtype=\"https:\/\/schema.org\/BlogPosting\" itemprop=\"blogPost\" ><div class='avia_textblock'  itemprop=\"text\" ><p>1 s\u00e9rie de 20 lames circulaires \u00d862x\u00d825H7x5 acier CaM115\u00ae Usage : coupe par cisaillement pour le secteur de l\u2019agroalimentaire<\/p>\n<p>Lames \u00ab cr\u00e8ve-sac \u00bb pour le secteur de l\u2019alimentaire 1 lame dent\u00e9e 640x150x5 denture pas de 10 1 lame lisse double biseau \/ double pente 630x150x5 Acier aux normes alimentaire XaG200\u00ae<\/p>\n<p>Lames rondes petite s\u00e9rie S\u00e9rie de 10 Lames circulaires \u00d8 110x\u00d870&#215;9 pour un fabricant machine Acier Haut de gamme pour une grande dur\u00e9e de vie. Utilisation arasage de sac<\/p>\n<p>Petite s\u00e9rie de 3 Lames cr\u00e8ve-sac 482x199x6, Inox aux normes alimentaire XaG200\u00ae<\/p>\n<p>Une illustration en images, et en direct de l&rsquo;atelier, de notre savoir-faire Origine France Garantie. Un projet ? <a href=\"https:\/\/www.amvmeca.com\/fr\/contact\">Contactez-nous<\/a><\/p>\n<\/div><\/section><\/p><\/div>\n","protected":false},"excerpt":{"rendered":"<p>Dans cette vid\u00e9o de 30 secondes, vous aurez un aper\u00e7u, en direct de l&rsquo;atelier, des lames que nous avons fabriqu\u00e9es pour la d\u00e9coupe de sacs.<\/p>\n","protected":false},"author":2,"featured_media":583,"comment_status":"closed","ping_status":"closed","sticky":false,"template":"","format":"standard","meta":{"footnotes":""},"categories":[2],"tags":[],"class_list":["post-579","post","type-post","status-publish","format-standard","has-post-thumbnail","hentry","category-actus"],"_links":{"self":[{"href":"https:\/\/www.amvmeca.com\/fr\/wp-json\/wp\/v2\/posts\/579","targetHints":{"allow":["GET"]}}],"collection":[{"href":"https:\/\/www.amvmeca.com\/fr\/wp-json\/wp\/v2\/posts"}],"about":[{"href":"https:\/\/www.amvmeca.com\/fr\/wp-json\/wp\/v2\/types\/post"}],"author":[{"embeddable":true,"href":"https:\/\/www.amvmeca.com\/fr\/wp-json\/wp\/v2\/users\/2"}],"replies":[{"embeddable":true,"href":"https:\/\/www.amvmeca.com\/fr\/wp-json\/wp\/v2\/comments?post=579"}],"version-history":[{"count":6,"href":"https:\/\/www.amvmeca.com\/fr\/wp-json\/wp\/v2\/posts\/579\/revisions"}],"predecessor-version":[{"id":596,"href":"https:\/\/www.amvmeca.com\/fr\/wp-json\/wp\/v2\/posts\/579\/revisions\/596"}],"wp:featuredmedia":[{"embeddable":true,"href":"https:\/\/www.amvmeca.com\/fr\/wp-json\/wp\/v2\/media\/583"}],"wp:attachment":[{"href":"https:\/\/www.amvmeca.com\/fr\/wp-json\/wp\/v2\/media?parent=579"}],"wp:term":[{"taxonomy":"category","embeddable":true,"href":"https:\/\/www.amvmeca.com\/fr\/wp-json\/wp\/v2\/categories?post=579"},{"taxonomy":"post_tag","embeddable":true,"href":"https:\/\/www.amvmeca.com\/fr\/wp-json\/wp\/v2\/tags?post=579"}],"curies":[{"name":"wp","href":"https:\/\/api.w.org\/{rel}","templated":true}]}}