{"id":347,"date":"2024-10-02T11:30:10","date_gmt":"2024-10-02T09:30:10","guid":{"rendered":"https:\/\/www.amvmeca.com\/fr\/?p=347"},"modified":"2024-10-08T09:13:05","modified_gmt":"2024-10-08T07:13:05","slug":"36-revue-de-presse-l-agilite-d-amv-meca-mise-en-lumiere","status":"publish","type":"post","link":"https:\/\/www.amvmeca.com\/fr\/actus\/36-revue-de-presse-l-agilite-d-amv-meca-mise-en-lumiere","title":{"rendered":"Revue de presse : l&rsquo;agilit\u00e9 d&rsquo;AMV MECA mise en lumi\u00e8re"},"content":{"rendered":"<div  class='flex_column av-d5zjf-ba78256a65e31df89ba5f260f530b9cd av_one_full  avia-builder-el-0  el_before_av_one_full  avia-builder-el-first  first flex_column_div  '     ><style type=\"text\/css\" data-created_by=\"avia_inline_auto\" id=\"style-css-av-m1ro0ywe-624fbea1fd320c87d888297aada2bf7a\">\n#top .av-special-heading.av-m1ro0ywe-624fbea1fd320c87d888297aada2bf7a{\npadding-bottom:10px;\n}\nbody .av-special-heading.av-m1ro0ywe-624fbea1fd320c87d888297aada2bf7a .av-special-heading-tag .heading-char{\nfont-size:25px;\n}\n.av-special-heading.av-m1ro0ywe-624fbea1fd320c87d888297aada2bf7a .av-subheading{\nfont-size:15px;\n}\n<\/style>\n<div  class='av-special-heading av-m1ro0ywe-624fbea1fd320c87d888297aada2bf7a av-special-heading-h1 blockquote modern-quote  avia-builder-el-1  avia-builder-el-no-sibling '><h1 class='av-special-heading-tag '  itemprop=\"headline\"  >Revue de presse : l\u2018agilit\u00e9 d\u2019AMV MECA mise en lumi\u00e8re<\/h1><div class=\"special-heading-border\"><div class=\"special-heading-inner-border\"><\/div><\/div><\/div><\/div>\n<div  class='flex_column av-7f6bn-c3c20a1fed01793d91ab595f22567680 av_one_full  avia-builder-el-2  el_after_av_one_full  avia-builder-el-last  first flex_column_div  column-top-margin'     ><section  class='av_textblock_section av-m1ro2kdi-58dd66c2f07f56e15bad2dab48314f31 '   itemscope=\"itemscope\" itemtype=\"https:\/\/schema.org\/BlogPosting\" itemprop=\"blogPost\" ><div class='avia_textblock'  itemprop=\"text\" ><p>Un article est paru dans le Progr\u00e8s : <a href=\"https:\/\/www.leprogres.fr\/edition-haute-loire\/2020\/04\/24\/amv-meca-conquerir-de-nouveaux-marches-dans-un-avenir-a-reecrire\" target=\"_blank\" rel=\"noopener\">lire l&rsquo;article AMV MECA : conqu\u00e9rir de nouveaux march\u00e9s dans un avenir \u00e0 r\u00e9\u00e9crire<\/a><\/p>\n<p>Et dans la COMMERE 43 : Article en ligne : <a href=\"https:\/\/www.lacommere43.fr\/actualites\/item\/30767-coronavirus-comment-les-entreprises-de-mecanique-traversent-la-crise.html\" target=\"_blank\" rel=\"noopener\">CORONAVIRUS comment les entreprises de m\u00e9canique traversent la crise <\/a><\/p>\n<p><a href=\"https:\/\/www.amvmeca.com\/wp-content\/uploads\/2024\/10\/2020_04_article_AMVMECA_Progres_Covid19.jpg\"><img loading=\"lazy\" decoding=\"async\" class=\"alignnone wp-image-348 size-full\" src=\"https:\/\/www.amvmeca.com\/wp-content\/uploads\/2024\/10\/2020_04_article_AMVMECA_Progres_Covid19.jpg\" alt=\"\" width=\"1241\" height=\"1780\" srcset=\"https:\/\/www.amvmeca.com\/wp-content\/uploads\/2024\/10\/2020_04_article_AMVMECA_Progres_Covid19.jpg 1241w, https:\/\/www.amvmeca.com\/wp-content\/uploads\/2024\/10\/2020_04_article_AMVMECA_Progres_Covid19-209x300.jpg 209w, https:\/\/www.amvmeca.com\/wp-content\/uploads\/2024\/10\/2020_04_article_AMVMECA_Progres_Covid19-718x1030.jpg 718w, https:\/\/www.amvmeca.com\/wp-content\/uploads\/2024\/10\/2020_04_article_AMVMECA_Progres_Covid19-768x1102.jpg 768w, https:\/\/www.amvmeca.com\/wp-content\/uploads\/2024\/10\/2020_04_article_AMVMECA_Progres_Covid19-1071x1536.jpg 1071w, https:\/\/www.amvmeca.com\/wp-content\/uploads\/2024\/10\/2020_04_article_AMVMECA_Progres_Covid19-1046x1500.jpg 1046w, https:\/\/www.amvmeca.com\/wp-content\/uploads\/2024\/10\/2020_04_article_AMVMECA_Progres_Covid19-492x705.jpg 492w\" sizes=\"auto, (max-width: 1241px) 100vw, 1241px\" \/><\/a><\/p>\n<\/div><\/section><\/div>\n","protected":false},"excerpt":{"rendered":"<p>On parle d&rsquo;AMV MECA dans la presse : un article dans le Progr\u00e8s et dans le journal local La Comm\u00e8re 43, pour illustrer l&rsquo;adaptabilit\u00e9 de notre PME.<\/p>\n","protected":false},"author":1,"featured_media":270,"comment_status":"closed","ping_status":"open","sticky":false,"template":"","format":"standard","meta":{"footnotes":""},"categories":[2],"tags":[],"class_list":["post-347","post","type-post","status-publish","format-standard","has-post-thumbnail","hentry","category-actus"],"_links":{"self":[{"href":"https:\/\/www.amvmeca.com\/fr\/wp-json\/wp\/v2\/posts\/347","targetHints":{"allow":["GET"]}}],"collection":[{"href":"https:\/\/www.amvmeca.com\/fr\/wp-json\/wp\/v2\/posts"}],"about":[{"href":"https:\/\/www.amvmeca.com\/fr\/wp-json\/wp\/v2\/types\/post"}],"author":[{"embeddable":true,"href":"https:\/\/www.amvmeca.com\/fr\/wp-json\/wp\/v2\/users\/1"}],"replies":[{"embeddable":true,"href":"https:\/\/www.amvmeca.com\/fr\/wp-json\/wp\/v2\/comments?post=347"}],"version-history":[{"count":1,"href":"https:\/\/www.amvmeca.com\/fr\/wp-json\/wp\/v2\/posts\/347\/revisions"}],"predecessor-version":[{"id":449,"href":"https:\/\/www.amvmeca.com\/fr\/wp-json\/wp\/v2\/posts\/347\/revisions\/449"}],"wp:featuredmedia":[{"embeddable":true,"href":"https:\/\/www.amvmeca.com\/fr\/wp-json\/wp\/v2\/media\/270"}],"wp:attachment":[{"href":"https:\/\/www.amvmeca.com\/fr\/wp-json\/wp\/v2\/media?parent=347"}],"wp:term":[{"taxonomy":"category","embeddable":true,"href":"https:\/\/www.amvmeca.com\/fr\/wp-json\/wp\/v2\/categories?post=347"},{"taxonomy":"post_tag","embeddable":true,"href":"https:\/\/www.amvmeca.com\/fr\/wp-json\/wp\/v2\/tags?post=347"}],"curies":[{"name":"wp","href":"https:\/\/api.w.org\/{rel}","templated":true}]}}