{"id":324,"date":"2024-10-02T11:11:20","date_gmt":"2024-10-02T09:11:20","guid":{"rendered":"https:\/\/www.amvmeca.com\/fr\/?p=324"},"modified":"2024-10-08T09:13:50","modified_gmt":"2024-10-08T07:13:50","slug":"35-lames-alimentaires-temoignages-et-realisations","status":"publish","type":"post","link":"https:\/\/www.amvmeca.com\/fr\/actus\/35-lames-alimentaires-temoignages-et-realisations","title":{"rendered":"Lames alimentaires : t\u00e9moignages et r\u00e9alisations"},"content":{"rendered":"<div  class='flex_column av-hqjwk-9bce6290b9bba4d5d2e2b4a5580e5dca av_one_full  avia-builder-el-0  el_before_av_one_full  avia-builder-el-first  first flex_column_div  '     ><style type=\"text\/css\" data-created_by=\"avia_inline_auto\" id=\"style-css-av-m1rn8dml-f5886d41ec6049583d00cf9be7f573c8\">\n#top .av-special-heading.av-m1rn8dml-f5886d41ec6049583d00cf9be7f573c8{\npadding-bottom:10px;\n}\nbody .av-special-heading.av-m1rn8dml-f5886d41ec6049583d00cf9be7f573c8 .av-special-heading-tag .heading-char{\nfont-size:25px;\n}\n.av-special-heading.av-m1rn8dml-f5886d41ec6049583d00cf9be7f573c8 .av-subheading{\nfont-size:15px;\n}\n<\/style>\n<div  class='av-special-heading av-m1rn8dml-f5886d41ec6049583d00cf9be7f573c8 av-special-heading-h1 blockquote modern-quote  avia-builder-el-1  avia-builder-el-no-sibling '><h1 class='av-special-heading-tag '  itemprop=\"headline\"  >Lames alimentaires : t\u00e9moignages et r\u00e9alisations<\/h1><div class=\"special-heading-border\"><div class=\"special-heading-inner-border\"><\/div><\/div><\/div><\/div>\n<div  class='flex_column av-wclo-3a1d3e93b48cfbc95e5791e2c7e97728 av_one_full  avia-builder-el-2  el_after_av_one_full  avia-builder-el-last  first flex_column_div  column-top-margin'     ><section  class='av_textblock_section av-m1rnecxy-88dd49eb04c0e6f43dfbef8ef1939c03 '   itemscope=\"itemscope\" itemtype=\"https:\/\/schema.org\/BlogPosting\" itemprop=\"blogPost\" ><div class='avia_textblock'  itemprop=\"text\" ><h2>Lames pour l&rsquo;industrie agroalimentaire : t\u00e9moignage clients<\/h2>\n<p>Nous avons r\u00e9alis\u00e9 en 2019 une enqu\u00eate de satisfaction aupr\u00e8s des industriels avec lesquels nous travaillons, et voici les r\u00e9sultats globaux : <strong>64% de tr\u00e8s satisfaits et 35% de satisfaits \u2026 au final, 100% recommanderaient AMV MECA !<\/strong><\/p>\n<p>Parmi les t\u00e9moignages clients, ceux pour qui nous fabriquons des lames alimentaires nous ont particuli\u00e8rement fait chaud au c\u0153ur.<\/p>\n<p>Nous ne r\u00e9sistons pas au plaisir de partager avec vous le commentaire de conclusion de l&rsquo;un d&rsquo;eux, chocolatier, Pascal P. : <strong>\u00ab\u00a0Un besoin bien pr\u00e9cis, un r\u00e9sultat parfait !\u00a0\u00bb<\/strong><\/p>\n<h2>R\u00e9alisation de lames alimentaires : quelques illustrations<\/h2>\n<p>Voici quelques exemples de lames pour l&rsquo;agroalimentaire r\u00e9alis\u00e9es ces derniers mois par AMVMECA, permettant d&rsquo;illustrer notre savoir-faire en fabrication, conception et am\u00e9lioration d&rsquo;outils coupants.<\/p>\n<h3><img loading=\"lazy\" decoding=\"async\" class=\"size-full wp-image-325 alignnone\" src=\"https:\/\/www.amvmeca.com\/wp-content\/uploads\/2024\/10\/lame_agroalimentaire_inox.jpg\" alt=\"Lames en inox alimentaire trait\u00e9\" width=\"400\" height=\"302\" srcset=\"https:\/\/www.amvmeca.com\/wp-content\/uploads\/2024\/10\/lame_agroalimentaire_inox.jpg 400w, https:\/\/www.amvmeca.com\/wp-content\/uploads\/2024\/10\/lame_agroalimentaire_inox-300x227.jpg 300w\" sizes=\"auto, (max-width: 400px) 100vw, 400px\" \/><\/h3>\n<p>Pour un client dans l&rsquo;industrie agroalimentaire, une s\u00e9rie de 320 lames : 160 pi\u00e8ces de chaque r\u00e9f\u00e9rence.<\/p>\n<h3>Lames alimentaires en acier \u00e0 plaquette carbure<\/h3>\n<p>Afin d&rsquo;augmenter la dur\u00e9e de vie des lames et r\u00e9duire les arr\u00eats machines, il existe des solutions techniques, comme dans cet exemple : \u00e9volution d\u2019une lame tout acier vers une lame composite acier + plaquette carbure.<\/p>\n<p>Ces lames travaillent en cisaillement pour la coupe de film plastique dans l&rsquo;industrie agroalimentaire.<\/p>\n<p><img loading=\"lazy\" decoding=\"async\" class=\"alignnone wp-image-326\" style=\"margin-right: 15px;\" src=\"https:\/\/www.amvmeca.com\/wp-content\/uploads\/2024\/10\/Lame_agroalimentaire_carbure.jpg\" alt=\"\" width=\"392\" height=\"698\" srcset=\"https:\/\/www.amvmeca.com\/wp-content\/uploads\/2024\/10\/Lame_agroalimentaire_carbure.jpg 400w, https:\/\/www.amvmeca.com\/wp-content\/uploads\/2024\/10\/Lame_agroalimentaire_carbure-169x300.jpg 169w\" sizes=\"auto, (max-width: 392px) 100vw, 392px\" \/> <img loading=\"lazy\" decoding=\"async\" class=\" wp-image-327 alignnone\" src=\"https:\/\/www.amvmeca.com\/wp-content\/uploads\/2024\/10\/Lame_alimentaire_carbure.jpg\" alt=\"\" width=\"392\" height=\"698\" srcset=\"https:\/\/www.amvmeca.com\/wp-content\/uploads\/2024\/10\/Lame_alimentaire_carbure.jpg 400w, https:\/\/www.amvmeca.com\/wp-content\/uploads\/2024\/10\/Lame_alimentaire_carbure-169x300.jpg 169w\" sizes=\"auto, (max-width: 392px) 100vw, 392px\" \/><\/p>\n<h3>Lames alimentaires en acier inox tremp\u00e9, cintr\u00e9es<\/h3>\n<p>Une s\u00e9rie de 12 lames pour l&rsquo;industrie agroalimentaire (machine \u00e0 d\u00e9sosser), dimensions 250mm x 50mm x 4mm.<\/p>\n<p>Celles-ci sont fabriqu\u00e9es en acier inox tremp\u00e9, affut\u00e9 et poli. Elles ont une forme cintr\u00e9e.<\/p>\n<p><img loading=\"lazy\" decoding=\"async\" class=\"alignnone size-full wp-image-330\" style=\"margin-right: 15px;\" src=\"https:\/\/www.amvmeca.com\/wp-content\/uploads\/2024\/10\/lame_alimentaire_10055.jpg\" alt=\"\" width=\"400\" height=\"617\" srcset=\"https:\/\/www.amvmeca.com\/wp-content\/uploads\/2024\/10\/lame_alimentaire_10055.jpg 400w, https:\/\/www.amvmeca.com\/wp-content\/uploads\/2024\/10\/lame_alimentaire_10055-194x300.jpg 194w\" sizes=\"auto, (max-width: 400px) 100vw, 400px\" \/><img loading=\"lazy\" decoding=\"async\" class=\"alignnone size-full wp-image-329\" src=\"https:\/\/www.amvmeca.com\/wp-content\/uploads\/2024\/10\/lame_agroalimentaire_10055.jpg\" alt=\"\" width=\"400\" height=\"502\" srcset=\"https:\/\/www.amvmeca.com\/wp-content\/uploads\/2024\/10\/lame_agroalimentaire_10055.jpg 400w, https:\/\/www.amvmeca.com\/wp-content\/uploads\/2024\/10\/lame_agroalimentaire_10055-239x300.jpg 239w\" sizes=\"auto, (max-width: 400px) 100vw, 400px\" \/><\/p>\n<h3>D\u00e9veloppement de 2 lames alimentaires par AMVMECA<\/h3>\n<p>Dans le cadre de son process de coupe de sachets en mousseline pour tisanes, l&rsquo;entreprise qui nous a sollicit\u00e9 faisait face \u00e0 un double probl\u00e8me : un probl\u00e8me de Qualit\u00e9 (mauvaise coupe) et de durabilit\u00e9 (faible dur\u00e9e de vie des lames).<\/p>\n<p>Notre r\u00e9ponse : le d\u00e9veloppement de 2 lames par le B.E. d\u2019AMVMECA, en acier WaM 200, avec une g\u00e9om\u00e9trie de coupe particuli\u00e8re.<\/p>\n<p>En plus de la r\u00e9ponse \u00e0 sa double probl\u00e9matique, notre solution permet l&rsquo;augmentation des possibilit\u00e9s de r\u00e9glages des lames avec les lumi\u00e8res : augmentation du nombre d\u2019affutages possibles et ainsi baisse des co\u00fbts de changement !<\/p>\n<p><img loading=\"lazy\" decoding=\"async\" class=\"alignnone wp-image-332\" style=\"margin-right: 15px;\" src=\"https:\/\/www.amvmeca.com\/wp-content\/uploads\/2024\/10\/lame_agroalimentaire_tisane.jpg\" alt=\"\" width=\"375\" height=\"352\" \/> <img loading=\"lazy\" decoding=\"async\" class=\"alignnone wp-image-333\" src=\"https:\/\/www.amvmeca.com\/wp-content\/uploads\/2024\/10\/lame_alimentaire_tisane.jpg\" alt=\"\" width=\"400\" height=\"352\" srcset=\"https:\/\/www.amvmeca.com\/wp-content\/uploads\/2024\/10\/lame_alimentaire_tisane.jpg 400w, https:\/\/www.amvmeca.com\/wp-content\/uploads\/2024\/10\/lame_alimentaire_tisane-300x264.jpg 300w\" sizes=\"auto, (max-width: 400px) 100vw, 400px\" \/><\/p>\n<p><em>Voici une illustration en images de quelques r\u00e9alisations pour l&rsquo;industrie agroalimentaire : n&rsquo;h\u00e9sitez pas \u00e0 nous soumettre votre projet, que ce soit pour une fabrication simple ou pour la conception de votre outil coupant efficace, s\u00fbr et durable ! <\/em><\/p>\n<p><a href=\"https:\/\/www.amvmeca.com\/fr\/contact\"><em>Contactez-nous<\/em><\/a><\/p>\n<\/div><\/section><\/div>\n","protected":false},"excerpt":{"rendered":"<p>AMV MECA con\u00e7oit, fabrique et r\u00e9pare des lames alimentaires, ou plus exactement des couteaux industriels et lames pour l&rsquo;industrie agroalimentaire. Voici, dans cet article, des t\u00e9moignages clients et des exemples de r\u00e9alisations, pour illustrer le savoir-faire et l&rsquo;engagement de nos \u00e9quipes.<\/p>\n","protected":false},"author":1,"featured_media":0,"comment_status":"closed","ping_status":"open","sticky":false,"template":"","format":"standard","meta":{"footnotes":""},"categories":[2],"tags":[],"class_list":["post-324","post","type-post","status-publish","format-standard","hentry","category-actus"],"_links":{"self":[{"href":"https:\/\/www.amvmeca.com\/fr\/wp-json\/wp\/v2\/posts\/324","targetHints":{"allow":["GET"]}}],"collection":[{"href":"https:\/\/www.amvmeca.com\/fr\/wp-json\/wp\/v2\/posts"}],"about":[{"href":"https:\/\/www.amvmeca.com\/fr\/wp-json\/wp\/v2\/types\/post"}],"author":[{"embeddable":true,"href":"https:\/\/www.amvmeca.com\/fr\/wp-json\/wp\/v2\/users\/1"}],"replies":[{"embeddable":true,"href":"https:\/\/www.amvmeca.com\/fr\/wp-json\/wp\/v2\/comments?post=324"}],"version-history":[{"count":2,"href":"https:\/\/www.amvmeca.com\/fr\/wp-json\/wp\/v2\/posts\/324\/revisions"}],"predecessor-version":[{"id":470,"href":"https:\/\/www.amvmeca.com\/fr\/wp-json\/wp\/v2\/posts\/324\/revisions\/470"}],"wp:attachment":[{"href":"https:\/\/www.amvmeca.com\/fr\/wp-json\/wp\/v2\/media?parent=324"}],"wp:term":[{"taxonomy":"category","embeddable":true,"href":"https:\/\/www.amvmeca.com\/fr\/wp-json\/wp\/v2\/categories?post=324"},{"taxonomy":"post_tag","embeddable":true,"href":"https:\/\/www.amvmeca.com\/fr\/wp-json\/wp\/v2\/tags?post=324"}],"curies":[{"name":"wp","href":"https:\/\/api.w.org\/{rel}","templated":true}]}}