{"id":269,"date":"2024-10-02T10:02:09","date_gmt":"2024-10-02T08:02:09","guid":{"rendered":"https:\/\/www.amvmeca.com\/fr\/?p=269"},"modified":"2024-10-08T09:13:31","modified_gmt":"2024-10-08T07:13:31","slug":"29-actualites-amvmeca-presse","status":"publish","type":"post","link":"https:\/\/www.amvmeca.com\/fr\/actus\/29-actualites-amvmeca-presse","title":{"rendered":"AMVMECA dans les medias !"},"content":{"rendered":"<div  class='flex_column av-av_one_full-cab6cb91e42b24d4f503cdabdc5ed6e0 av_one_full  avia-builder-el-0  el_before_av_one_full  avia-builder-el-first  first flex_column_div  '     ><style type=\"text\/css\" data-created_by=\"avia_inline_auto\" id=\"style-css-av-m1rkw0op-e23e6b946283b3cdff44081d1324a5c4\">\n#top .av-special-heading.av-m1rkw0op-e23e6b946283b3cdff44081d1324a5c4{\npadding-bottom:10px;\n}\nbody .av-special-heading.av-m1rkw0op-e23e6b946283b3cdff44081d1324a5c4 .av-special-heading-tag .heading-char{\nfont-size:25px;\n}\n.av-special-heading.av-m1rkw0op-e23e6b946283b3cdff44081d1324a5c4 .av-subheading{\nfont-size:15px;\n}\n<\/style>\n<div  class='av-special-heading av-m1rkw0op-e23e6b946283b3cdff44081d1324a5c4 av-special-heading-h1 blockquote modern-quote  avia-builder-el-1  avia-builder-el-no-sibling '><h1 class='av-special-heading-tag '  itemprop=\"headline\"  >AMVMECA dans les medias !<\/h1><div class=\"special-heading-border\"><div class=\"special-heading-inner-border\"><\/div><\/div><\/div><\/div><div  class='flex_column av-av_one_full-cab6cb91e42b24d4f503cdabdc5ed6e0 av_one_full  avia-builder-el-2  el_after_av_one_full  avia-builder-el-last  first flex_column_div  column-top-margin'     ><section  class='av_textblock_section av-m1rkvsgc-123d7b405e617076fb3ff9c7d2579433 '   itemscope=\"itemscope\" itemtype=\"https:\/\/schema.org\/BlogPosting\" itemprop=\"blogPost\" ><div class='avia_textblock'  itemprop=\"text\" ><div>\n<p>&#8211; Un article dans Les Echos, titrant : <strong>\u00ab\u00a0L&rsquo;\u00e9conomie de la fonctionnalit\u00e9 refonde les mod\u00e8les d&rsquo;affaires\u00a0\u00bb<\/strong><\/p>\n<p>Extrait : <em>\u00ab\u00a0Citons l&rsquo;action Defi \u00e0 laquelle participe AMV M\u00e9ca en r\u00e9gion Auvergne Rh\u00f4ne-Alpes. Ce fabricant de couteaux industriels met une partie de ses outils \u00e0 la disposition de ses clients moyennant une redevance au millier de coupes.\u00a0\u00bb <\/em><a href=\"https:\/\/www.lesechos.fr\/thema\/articles\/leconomie-de-la-fonctionnalite-refonde-les-modeles-daffaires-238385\" target=\"_blank\" rel=\"noopener\">Lire l&rsquo;article des Echos<\/a><\/p>\n<p>&#8211; Un article sur le m\u00eame th\u00e8me, dans actu-environnement.com, intitul\u00e9 : \u00ab\u00a0<strong>D&rsquo;une \u00e9conomie bas\u00e9e sur les produits \u00e0 un syst\u00e8me ax\u00e9 sur le service rendu<\/strong>\u00a0\u00bb<\/p>\n<p>Dans cet article, on cite AMVMECA \u00e0 titre d&rsquo;illustration autour des nouvelles solutions de l&rsquo;\u00e9conomie de fonctionnalit\u00e9.\u00a0<a href=\"https:\/\/www.actu-environnement.com\/ae\/news\/economie-produits-systeme-axe-service-rendu-32666.php4\" target=\"_blank\" rel=\"noopener\">Lire l&rsquo;article en ligne<\/a>.<\/p>\n<p>Vous \u00eates int\u00e9ress\u00e9 par ce type de solution ou souhaitez en savoir plus ? <a href=\"https:\/\/www.amvmeca.com\/fr\/contact\/\">Contactez-nous !<\/a><\/p>\n<\/div>\n<\/div><\/section><\/div><\/p>\n","protected":false},"excerpt":{"rendered":"<p>Notre soci\u00e9t\u00e9 AMVMECA a \u00e9t\u00e9 mise \u00e0 l&rsquo;honneur dans la presse, avec 2 articles, dans Les Echos et Actu-Environnement.<\/p>\n","protected":false},"author":1,"featured_media":270,"comment_status":"closed","ping_status":"open","sticky":false,"template":"","format":"standard","meta":{"footnotes":""},"categories":[2],"tags":[],"class_list":["post-269","post","type-post","status-publish","format-standard","has-post-thumbnail","hentry","category-actus"],"_links":{"self":[{"href":"https:\/\/www.amvmeca.com\/fr\/wp-json\/wp\/v2\/posts\/269","targetHints":{"allow":["GET"]}}],"collection":[{"href":"https:\/\/www.amvmeca.com\/fr\/wp-json\/wp\/v2\/posts"}],"about":[{"href":"https:\/\/www.amvmeca.com\/fr\/wp-json\/wp\/v2\/types\/post"}],"author":[{"embeddable":true,"href":"https:\/\/www.amvmeca.com\/fr\/wp-json\/wp\/v2\/users\/1"}],"replies":[{"embeddable":true,"href":"https:\/\/www.amvmeca.com\/fr\/wp-json\/wp\/v2\/comments?post=269"}],"version-history":[{"count":1,"href":"https:\/\/www.amvmeca.com\/fr\/wp-json\/wp\/v2\/posts\/269\/revisions"}],"predecessor-version":[{"id":452,"href":"https:\/\/www.amvmeca.com\/fr\/wp-json\/wp\/v2\/posts\/269\/revisions\/452"}],"wp:featuredmedia":[{"embeddable":true,"href":"https:\/\/www.amvmeca.com\/fr\/wp-json\/wp\/v2\/media\/270"}],"wp:attachment":[{"href":"https:\/\/www.amvmeca.com\/fr\/wp-json\/wp\/v2\/media?parent=269"}],"wp:term":[{"taxonomy":"category","embeddable":true,"href":"https:\/\/www.amvmeca.com\/fr\/wp-json\/wp\/v2\/categories?post=269"},{"taxonomy":"post_tag","embeddable":true,"href":"https:\/\/www.amvmeca.com\/fr\/wp-json\/wp\/v2\/tags?post=269"}],"curies":[{"name":"wp","href":"https:\/\/api.w.org\/{rel}","templated":true}]}}